{"id":584,"date":"2020-05-23T18:10:42","date_gmt":"2020-05-23T21:10:42","guid":{"rendered":"https:\/\/zulmaprina.com.ar\/web\/?p=584"},"modified":"2020-05-23T18:29:06","modified_gmt":"2020-05-23T21:29:06","slug":"german-caceres-roberto-arlt-una-mirada-social-sobre-su-narrativa-de-zulma-esther-prina","status":"publish","type":"post","link":"https:\/\/zulmaprina.com.ar\/web\/german-caceres-roberto-arlt-una-mirada-social-sobre-su-narrativa-de-zulma-esther-prina\/","title":{"rendered":"Germ\u00e1n C\u00e1ceres \u201cRoberto Arlt una mirada social sobre su narrativa, de Zulma Esther Prina\u201d"},"content":{"rendered":"\t\t<div data-elementor-type=\"wp-post\" data-elementor-id=\"584\" class=\"elementor elementor-584\">\n\t\t\t\t\t\t<section class=\"elementor-section elementor-top-section elementor-element elementor-element-f3ca153 elementor-section-boxed elementor-section-height-default elementor-section-height-default\" data-id=\"f3ca153\" data-element_type=\"section\" data-e-type=\"section\">\n\t\t\t\t\t\t<div class=\"elementor-container elementor-column-gap-default\">\n\t\t\t\t\t<div class=\"elementor-column elementor-col-100 elementor-top-column elementor-element elementor-element-8bdf9e8\" data-id=\"8bdf9e8\" data-element_type=\"column\" data-e-type=\"column\">\n\t\t\t<div class=\"elementor-widget-wrap elementor-element-populated\">\n\t\t\t\t\t\t<div class=\"elementor-element elementor-element-8481e7f elementor-widget elementor-widget-text-editor\" data-id=\"8481e7f\" data-element_type=\"widget\" data-e-type=\"widget\" data-widget_type=\"text-editor.default\">\n\t\t\t\t<div class=\"elementor-widget-container\">\n\t\t\t\t\t\t\t\t\t<p><img decoding=\"async\" src=\"http:\/\/www.espaciolatino.com\/imgs\/logos_norm\/comunidadweb.gif\" \/><\/p>\t\t\t\t\t\t\t\t<\/div>\n\t\t\t\t<\/div>\n\t\t\t\t\t<\/div>\n\t\t<\/div>\n\t\t\t\t\t<\/div>\n\t\t<\/section>\n\t\t\t\t<section class=\"elementor-section elementor-top-section elementor-element elementor-element-89a5430 elementor-section-boxed elementor-section-height-default elementor-section-height-default\" data-id=\"89a5430\" data-element_type=\"section\" data-e-type=\"section\">\n\t\t\t\t\t\t<div class=\"elementor-container elementor-column-gap-default\">\n\t\t\t\t\t<div class=\"elementor-column elementor-col-100 elementor-top-column elementor-element elementor-element-4a65368\" data-id=\"4a65368\" data-element_type=\"column\" data-e-type=\"column\">\n\t\t\t<div class=\"elementor-widget-wrap elementor-element-populated\">\n\t\t\t\t\t\t<div class=\"elementor-element elementor-element-36cbc7e elementor-widget elementor-widget-text-editor\" data-id=\"36cbc7e\" data-element_type=\"widget\" data-e-type=\"widget\" data-widget_type=\"text-editor.default\">\n\t\t\t\t<div class=\"elementor-widget-container\">\n\t\t\t\t\t\t\t\t\t<p><strong>Rese\u00f1a de Germ\u00e1n C\u00e1ceres<\/strong>\u00a0<br \/><br \/>germanc4@yahoo.com.ar<\/p>\t\t\t\t\t\t\t\t<\/div>\n\t\t\t\t<\/div>\n\t\t\t\t\t<\/div>\n\t\t<\/div>\n\t\t\t\t\t<\/div>\n\t\t<\/section>\n\t\t\t\t<section class=\"elementor-section elementor-top-section elementor-element elementor-element-fdd97f0 elementor-section-boxed elementor-section-height-default elementor-section-height-default\" data-id=\"fdd97f0\" data-element_type=\"section\" data-e-type=\"section\">\n\t\t\t\t\t\t<div class=\"elementor-container elementor-column-gap-default\">\n\t\t\t\t\t<div class=\"elementor-column elementor-col-100 elementor-top-column elementor-element elementor-element-9be546a\" data-id=\"9be546a\" data-element_type=\"column\" data-e-type=\"column\">\n\t\t\t<div class=\"elementor-widget-wrap elementor-element-populated\">\n\t\t\t\t\t\t<div class=\"elementor-element elementor-element-d6c850c elementor-widget elementor-widget-text-editor\" data-id=\"d6c850c\" data-element_type=\"widget\" data-e-type=\"widget\" data-widget_type=\"text-editor.default\">\n\t\t\t\t<div class=\"elementor-widget-container\">\n\t\t\t\t\t\t\t\t\t<h2 align=\"center\"><strong>ZULMA ESTHER PRINA<\/strong><\/h2><p><b>Ediciones El Escriba, Buenos Aires, 2018, 220 p\u00e1ginas<\/b><\/p>\t\t\t\t\t\t\t\t<\/div>\n\t\t\t\t<\/div>\n\t\t\t\t\t<\/div>\n\t\t<\/div>\n\t\t\t\t\t<\/div>\n\t\t<\/section>\n\t\t\t\t<section class=\"elementor-section elementor-top-section elementor-element elementor-element-30beba3 elementor-section-boxed elementor-section-height-default elementor-section-height-default\" data-id=\"30beba3\" data-element_type=\"section\" data-e-type=\"section\">\n\t\t\t\t\t\t<div class=\"elementor-container elementor-column-gap-default\">\n\t\t\t\t\t<div class=\"elementor-column elementor-col-100 elementor-top-column elementor-element elementor-element-5639202\" data-id=\"5639202\" data-element_type=\"column\" data-e-type=\"column\">\n\t\t\t<div class=\"elementor-widget-wrap elementor-element-populated\">\n\t\t\t\t\t\t<div class=\"elementor-element elementor-element-9cbe59f elementor-widget elementor-widget-text-editor\" data-id=\"9cbe59f\" data-element_type=\"widget\" data-e-type=\"widget\" data-widget_type=\"text-editor.default\">\n\t\t\t\t<div class=\"elementor-widget-container\">\n\t\t\t\t\t\t\t\t\t<p>El libro comienza con un sagaz pr\u00f3logo de Fernando Sorrentino que destaca la \u201cirresistible fuerza narrativa\u201d de los textos del escritor abordado y aconseja abrir \u201clas amplias puertas al trabajo de Zulma\u201d.<\/p><p>Substancioso el cap\u00edtulo Preliminares, en el cual la autora destaca c\u00f3mo influyen las obras de Arlt en los j\u00f3venes. Compara esta atracci\u00f3n con la que ejercen las novelas de aventuras y es imposible no evocar La infancia recuperada, de Fernando Savater. Y asevera que el escritor \u201c\u2026atrapa la atenci\u00f3n del lector porque rompe con las reglas tradicionales de la normativa, con las formalidades de la literatura que busca la perfecci\u00f3n del lenguaje, la exaltaci\u00f3n del arte.\u201d\/\u201dRompe con la novela realista, con la novela acad\u00e9mica, con el modernismo po\u00e9tico\u201d. Y caracteriza l\u00facidamente sus procedimientos: \u201c\u2026la introducci\u00f3n de la literatura folletinesca, el periodismo, los montajes a la manera cinematogr\u00e1fica, la cr\u00f3nica policial (\u2026) y su lenguaje es la multiplicidad de voces.\u201d Destaca que una de sus virtudes es la preponderancia que tienen en su escritura la oralidad, el grotesco y la parodia. Se\u00f1ala con pesar que Arlt (1900-1942) es reconocido reci\u00e9n despu\u00e9s de su muerte por un p\u00fablico \u00e1vido de renovaci\u00f3n.<\/p><p>El jorobadito, Los siete locos y Aguafuertes porte\u00f1as ser\u00e1n los t\u00edtulos claves del an\u00e1lisis, aunque tambi\u00e9n se tratan Los lanzallamas, El amor brujo, El criador de gorilas y sus obras de teatro Saverio el cruel y El desierto entra a la ciudad. Y as\u00ed va enumerando numerosos conceptos y una tem\u00e1tica que enfoca temas como \u201cLa locura, la marginalidad, la humillaci\u00f3n, la traici\u00f3n, la conspiraci\u00f3n pol\u00edtica, la invenci\u00f3n t\u00e9cnica\u2026\u201d Y comenta que parece que Arlt gritara de dolor ante tanto horror y desencanto. Por tal motivo, muchos de sus personajes son deformes (el cojo, la Bizca, el jorobadito).<\/p><p>Los di\u00e1logos reflejan la condici\u00f3n social de quienes los emiten, ya que el ser humano act\u00faa en funci\u00f3n del lenguaje. Por eso elige un discurso violento y mordaz cargado de exasperaci\u00f3n. Se articula preponderantemente a trav\u00e9s de confesiones de los personajes. Fue enorme la influencia que recibi\u00f3 por parte de Dostoyevski y su literatura tiende hacia la intertextualidad.<\/p><p>El texto refiere un s\u00f3lido an\u00e1lisis sociol\u00f3gico de la d\u00e9cada del veinte y sus repercusiones en el periodismo y la literatura. Para la ensayista tanto nuestro pa\u00eds como otros pueblos latinoamericanos se encuentran expoliados por los Estados Unidos, y cita un di\u00e1logo del Astr\u00f3logo en Los lanzallamas manifestando esta opini\u00f3n. Considera la autora que Arlt ya preanunciaba la conflictiva situaci\u00f3n argentina actual.<\/p><p>El universo literario de Roberto Arlt es \u00fanico y no puede incluirse en ninguno de los dos grupos famosos de su \u00e9poca: Florida y Boedo. Prina ofrece un detallado an\u00e1lisis de la evoluci\u00f3n econ\u00f3mica y social en nuestro pa\u00eds y el mundo a partir de 1870 y especialmente su descomposici\u00f3n y decadencia: estos a\u00f1os se caracterizan por el sentimiento de soledad, el de ausencia y el crecimiento del individualismo utilitario. Estas aportaciones est\u00e1n corroboradas por datos estad\u00edsticos cuyas fuentes se mencionan.<\/p><p>Zulma Prima utiliza esquemas gr\u00e1ficos para aportar sus profundos conocimientos del an\u00e1lisis literario, de la ling\u00fc\u00edstica y del an\u00e1lisis cr\u00edtico del discurso y as\u00ed enfocar las representaciones sociales y pol\u00edticas de los personajes de Arlt, adem\u00e1s sostener varias de sus juicios en conceptos del fil\u00f3sofo del lenguaje Mijail Bajtin.<\/p><p>No se deja de se\u00f1alar en Roberto Arlt una mirada social que su narrativa propone una visi\u00f3n descarnada del matrimonio y la familia de clase media, y se transcriben sus propias palabras: \u00abActualmente el casamiento constituye un negocio que en las familias se trata con la misma naturalidad con que se estudiar\u00eda la adquisici\u00f3n de un caballo\u2026\u00bb<\/p><p>La prosa de la ensayista es precisa y, no obstante su profundidad de an\u00e1lisis y su aguda indagaci\u00f3n conceptual, resulta fluida y llana.<\/p><p>Uno de los m\u00e9ritos mayores de este libro es que impulsa al que ha le\u00eddo los escritos de Arlt a volver a visitarlos.<\/p><p>La obra concluye con una amplia y rica bibliograf\u00eda.<\/p><p><em>Zulma Esther Prina, nacida en el Barrio de Patricios (Buenos Aires), es profesora en Letras y obtuvo la maestr\u00edas en An\u00e1lisis del discurso, ambas por la U.B.A. A su vez, curs\u00f3 la maestr\u00eda en Literatura para ni\u00f1os y j\u00f3venes en la UNR y asimismo en otras disciplinas. Public\u00f3 veinticuatro libros de novela, poes\u00eda y ensayo. Es Presidenta y Miembro de N\u00famero de la Academia Argentina de Literatura Infantil y Juvenil (AALIJ). Dicta cursos y conferencia en distintas instituciones del pa\u00eds y del exterior.<\/em><\/p>\t\t\t\t\t\t\t\t<\/div>\n\t\t\t\t<\/div>\n\t\t\t\t\t<\/div>\n\t\t<\/div>\n\t\t\t\t\t<\/div>\n\t\t<\/section>\n\t\t\t\t<section class=\"elementor-section elementor-top-section elementor-element elementor-element-427a705 elementor-section-boxed elementor-section-height-default elementor-section-height-default\" data-id=\"427a705\" data-element_type=\"section\" data-e-type=\"section\">\n\t\t\t\t\t\t<div class=\"elementor-container elementor-column-gap-default\">\n\t\t\t\t\t<div class=\"elementor-column elementor-col-100 elementor-top-column elementor-element elementor-element-21f9d0e\" data-id=\"21f9d0e\" data-element_type=\"column\" data-e-type=\"column\">\n\t\t\t<div class=\"elementor-widget-wrap elementor-element-populated\">\n\t\t\t\t\t\t<div class=\"elementor-element elementor-element-4f93905 elementor-widget elementor-widget-text-editor\" data-id=\"4f93905\" data-element_type=\"widget\" data-e-type=\"widget\" data-widget_type=\"text-editor.default\">\n\t\t\t\t<div class=\"elementor-widget-container\">\n\t\t\t\t\t\t\t\t\t<p>FUENTE:<\/p><p>http:\/\/letras-uruguay.espaciolatino.com\/aaa\/caceres_german\/roberto_arlt_una_mirada_social_sobre_su_narrativa.htm<\/p>\t\t\t\t\t\t\t\t<\/div>\n\t\t\t\t<\/div>\n\t\t\t\t\t<\/div>\n\t\t<\/div>\n\t\t\t\t\t<\/div>\n\t\t<\/section>\n\t\t\t\t<\/div>\n\t\t","protected":false},"excerpt":{"rendered":"<p>Rese\u00f1a de Germ\u00e1n C\u00e1ceres\u00a0 germanc4@yahoo.com.ar ZULMA ESTHER PRINA Ediciones El Escriba, Buenos Aires, 2018, 220 p\u00e1ginas El libro comienza con un sagaz pr\u00f3logo de Fernando Sorrentino que destaca la \u201cirresistible fuerza narrativa\u201d de los textos del escritor abordado y aconseja abrir \u201clas amplias puertas al trabajo de Zulma\u201d. Substancioso el cap\u00edtulo Preliminares, en el cual [&hellip;]<\/p>\n","protected":false},"author":1,"featured_media":0,"comment_status":"closed","ping_status":"closed","sticky":false,"template":"","format":"standard","meta":{"footnotes":""},"categories":[1],"tags":[],"class_list":["post-584","post","type-post","status-publish","format-standard","hentry","category-sin-categoria"],"_links":{"self":[{"href":"https:\/\/zulmaprina.com.ar\/web\/wp-json\/wp\/v2\/posts\/584","targetHints":{"allow":["GET"]}}],"collection":[{"href":"https:\/\/zulmaprina.com.ar\/web\/wp-json\/wp\/v2\/posts"}],"about":[{"href":"https:\/\/zulmaprina.com.ar\/web\/wp-json\/wp\/v2\/types\/post"}],"author":[{"embeddable":true,"href":"https:\/\/zulmaprina.com.ar\/web\/wp-json\/wp\/v2\/users\/1"}],"replies":[{"embeddable":true,"href":"https:\/\/zulmaprina.com.ar\/web\/wp-json\/wp\/v2\/comments?post=584"}],"version-history":[{"count":7,"href":"https:\/\/zulmaprina.com.ar\/web\/wp-json\/wp\/v2\/posts\/584\/revisions"}],"predecessor-version":[{"id":601,"href":"https:\/\/zulmaprina.com.ar\/web\/wp-json\/wp\/v2\/posts\/584\/revisions\/601"}],"wp:attachment":[{"href":"https:\/\/zulmaprina.com.ar\/web\/wp-json\/wp\/v2\/media?parent=584"}],"wp:term":[{"taxonomy":"category","embeddable":true,"href":"https:\/\/zulmaprina.com.ar\/web\/wp-json\/wp\/v2\/categories?post=584"},{"taxonomy":"post_tag","embeddable":true,"href":"https:\/\/zulmaprina.com.ar\/web\/wp-json\/wp\/v2\/tags?post=584"}],"curies":[{"name":"wp","href":"https:\/\/api.w.org\/{rel}","templated":true}]}}