{"id":606,"date":"2020-05-23T18:57:21","date_gmt":"2020-05-23T21:57:21","guid":{"rendered":"https:\/\/zulmaprina.com.ar\/web\/?p=606"},"modified":"2020-05-23T19:08:15","modified_gmt":"2020-05-23T22:08:15","slug":"prologo-de-fernando-sorrentino","status":"publish","type":"post","link":"https:\/\/zulmaprina.com.ar\/web\/prologo-de-fernando-sorrentino\/","title":{"rendered":"PR\u00d3LOGO de Fernando Sorrentino"},"content":{"rendered":"\t\t<div data-elementor-type=\"wp-post\" data-elementor-id=\"606\" class=\"elementor elementor-606\">\n\t\t\t\t\t\t<section class=\"elementor-section elementor-top-section elementor-element elementor-element-7adc5f5 elementor-section-boxed elementor-section-height-default elementor-section-height-default\" data-id=\"7adc5f5\" data-element_type=\"section\" data-e-type=\"section\">\n\t\t\t\t\t\t<div class=\"elementor-container elementor-column-gap-default\">\n\t\t\t\t\t<div class=\"elementor-column elementor-col-100 elementor-top-column elementor-element elementor-element-da99565\" data-id=\"da99565\" data-element_type=\"column\" data-e-type=\"column\">\n\t\t\t<div class=\"elementor-widget-wrap elementor-element-populated\">\n\t\t\t\t\t\t<div class=\"elementor-element elementor-element-defd70f elementor-widget elementor-widget-heading\" data-id=\"defd70f\" data-element_type=\"widget\" data-e-type=\"widget\" data-widget_type=\"heading.default\">\n\t\t\t\t<div class=\"elementor-widget-container\">\n\t\t\t\t\t<h2 class=\"elementor-heading-title elementor-size-default\">Roberto Arlt. Una mirada social sobre su narrativa por Zulma Ester Prina.<\/h2>\t\t\t\t<\/div>\n\t\t\t\t<\/div>\n\t\t\t\t\t<\/div>\n\t\t<\/div>\n\t\t\t\t\t<\/div>\n\t\t<\/section>\n\t\t\t\t<section class=\"elementor-section elementor-top-section elementor-element elementor-element-8e8f100 elementor-section-boxed elementor-section-height-default elementor-section-height-default\" data-id=\"8e8f100\" data-element_type=\"section\" data-e-type=\"section\">\n\t\t\t\t\t\t<div class=\"elementor-container elementor-column-gap-default\">\n\t\t\t\t\t<div class=\"elementor-column elementor-col-100 elementor-top-column elementor-element elementor-element-317bc7d\" data-id=\"317bc7d\" data-element_type=\"column\" data-e-type=\"column\">\n\t\t\t<div class=\"elementor-widget-wrap elementor-element-populated\">\n\t\t\t\t\t\t<div class=\"elementor-element elementor-element-c3dddef elementor-widget elementor-widget-heading\" data-id=\"c3dddef\" data-element_type=\"widget\" data-e-type=\"widget\" data-widget_type=\"heading.default\">\n\t\t\t\t<div class=\"elementor-widget-container\">\n\t\t\t\t\t<h3 class=\"elementor-heading-title elementor-size-default\">Ventanita de entrada, con recuerdos personales<\/h3>\t\t\t\t<\/div>\n\t\t\t\t<\/div>\n\t\t\t\t\t<\/div>\n\t\t<\/div>\n\t\t\t\t\t<\/div>\n\t\t<\/section>\n\t\t\t\t<section class=\"elementor-section elementor-top-section elementor-element elementor-element-04c4f00 elementor-section-boxed elementor-section-height-default elementor-section-height-default\" data-id=\"04c4f00\" data-element_type=\"section\" data-e-type=\"section\">\n\t\t\t\t\t\t<div class=\"elementor-container elementor-column-gap-default\">\n\t\t\t\t\t<div class=\"elementor-column elementor-col-100 elementor-top-column elementor-element elementor-element-b6e5f6d\" data-id=\"b6e5f6d\" data-element_type=\"column\" data-e-type=\"column\">\n\t\t\t<div class=\"elementor-widget-wrap elementor-element-populated\">\n\t\t\t\t\t\t<div class=\"elementor-element elementor-element-589897d elementor-widget elementor-widget-text-editor\" data-id=\"589897d\" data-element_type=\"widget\" data-e-type=\"widget\" data-widget_type=\"text-editor.default\">\n\t\t\t\t<div class=\"elementor-widget-container\">\n\t\t\t\t\t\t\t\t\t<p>Entre 1956 y 1960 recorr\u00ed mis cinco a\u00f1os del bachillerato en el<br \/>colegio que, enclavado en el \u00e1ngulo de las calles El Salvador y<br \/>Humboldt, barrio de Palermo, se conoce como \u00abel Avellaneda\u00bb.<br \/>En aquella \u00e9poca la literatura argentina que se intentaba ense\u00f1ar<br \/>en las aulas sol\u00eda concluir en Leopoldo Lugones, que hab\u00eda<br \/>muerto en 1938. Y poco o nada se hablaba de Jorge Luis Borges<br \/>o de Roberto Arlt.<br \/>Al margen de la rutina escolar, yo dedicaba la mayor parte de<br \/>mi tiempo libre a leer \u2014instintiva y ca\u00f3ticamente\u2014 la mayor<br \/>cantidad posible de textos literarios.<br \/>Un buen d\u00eda cay\u00f3 en mis manos el volumen n\u00famero 31 de la<br \/>Biblioteca Contempor\u00e1nea (Editorial Losada): El juguete rabioso.<br \/>Empec\u00e9 a leer la novela y ya no pude abandonarla: literalmente,<br \/>me la devor\u00e9 en pocas horas.<br \/>(Dicen los hombres dignos de fe que las comparaciones son<br \/>odiosas, y posiblemente lo sean. Pero, por obligaciones escolares,<br \/>yo hab\u00eda tenido que leer la Misericordia de P\u00e9rez Gald\u00f3s y el<br \/>Pago Chico de Payr\u00f3, y estas obras \u2014marm\u00f3reas, pl\u00fambeas,<br \/>gran\u00edticas, sin sorpresas, sin cambios de ritmo: as\u00ed me parecieron<br \/>entonces, y nunca quise releerlas\u2014 funcionaron, con sus<br \/>raudales de aburrimiento y median\u00eda, como adecuado contraste<br \/>negativo en comparaci\u00f3n con la fluidez y las ricas peripecias<br \/>del Juguete de Arlt.)<br \/>No mucho tiempo m\u00e1s tarde adquir\u00ed los tres tomos de Novelas<br \/>completas y cuentos, publicados por la Compa\u00f1\u00eda General Fabril<br \/>Editora en 1963, con \u00abPr\u00f3logo\u00bb de Mirta Arlt.<br \/><br \/>En suma: he le\u00eddo todas las novelas y \u2014creo\u2014 todos los cuentos<br \/>de Roberto Arlt; he le\u00eddo unas cuantas (no todas) de sus Aguafuertes<br \/>porte\u00f1as; he le\u00eddo (aunque no aplaudido) sus obras teatrales<br \/>Saverio el Cruel y Trescientos millones\u2026 En algunos momentos,<br \/>y en virtud de la atracci\u00f3n ejercida sobre m\u00ed, he publicado m\u00e1s<br \/>de un art\u00edculo sobre ciertos aspectos de su narrativa\u2026<br \/>Desde luego, y como ocurre con todos los escritores que en el<br \/>mundo han sido, por la obra de Roberto Arlt discurren virtudes<br \/>y defectos. Pero, sobrevol\u00e1ndolos, existe, valor supremo, lo<br \/>que podr\u00edamos denominar irresistible fuerza narrativa: sus textos<br \/>pueden poseer diversos grados de calidad literaria, es verdad,<br \/>pero jam\u00e1s presentan el menor atisbo de aburrir al lector. Esa<br \/>fuerza narrativa nos obliga a continuar leyendo, seg\u00fan aquel<br \/>imperativo hed\u00f3nico que musita en nuestros o\u00eddos: \u00ab\u00bfQu\u00e9 va a<br \/>ocurrir a continuaci\u00f3n?\u00bb.<br \/>Es innecesario agregar que los m\u00e9ritos, las resonancias, las<br \/>influencias van mucho m\u00e1s lejos que el placer que nos causa la<br \/>lectura de los textos de Arlt. De estas centralidades, lateralidades<br \/>y profundidades, en este caso priorizando el aspecto social de<br \/>su narrativa (que, inseparable, se relaciona, como los hilos de<br \/>una urdimbre, con todas las dem\u00e1s realidades de su obra), se<br \/>han ocupado, en el presente volumen, la perspicacia y el fervor<br \/>de Zulma Prina.<br \/>Cerremos aqu\u00ed esta peque\u00f1a ventana cuyo prop\u00f3sito fue espiar<br \/>un poquito dentro del libro, y abramos las amplias puertas al<br \/>trabajo de Zulma, quien, con sus fundamentados argumentos<br \/>y meditadas razones, desarrollar\u00e1 su mirada social sobre la<br \/>atrapante narrativa de nuestro amigo Roberto Arlt.<\/p><p><br \/><strong>FERNANDO SORRENTINO<\/strong><br \/><em>Mart\u00ednez (Bs. As.), febrero de 2018<\/em><\/p>\t\t\t\t\t\t\t\t<\/div>\n\t\t\t\t<\/div>\n\t\t\t\t\t<\/div>\n\t\t<\/div>\n\t\t\t\t\t<\/div>\n\t\t<\/section>\n\t\t\t\t<section class=\"elementor-section elementor-top-section elementor-element elementor-element-d16f66a elementor-section-boxed elementor-section-height-default elementor-section-height-default\" data-id=\"d16f66a\" data-element_type=\"section\" data-e-type=\"section\">\n\t\t\t\t\t\t<div class=\"elementor-container elementor-column-gap-default\">\n\t\t\t\t\t<div class=\"elementor-column elementor-col-100 elementor-top-column elementor-element elementor-element-36743f9\" data-id=\"36743f9\" data-element_type=\"column\" data-e-type=\"column\">\n\t\t\t<div class=\"elementor-widget-wrap elementor-element-populated\">\n\t\t\t\t\t\t<div class=\"elementor-element elementor-element-922da8e elementor-widget elementor-widget-heading\" data-id=\"922da8e\" data-element_type=\"widget\" data-e-type=\"widget\" data-widget_type=\"heading.default\">\n\t\t\t\t<div class=\"elementor-widget-container\">\n\t\t\t\t\t<h2 class=\"elementor-heading-title elementor-size-default\"><a href=\"https:\/\/zulmaprina.com.ar\/web\/2020\/05\/13\/roberto-arlt-una-mirada-social-sobre-su-narrativa\/\">M\u00e1s sobre la Obra<\/a><\/h2>\t\t\t\t<\/div>\n\t\t\t\t<\/div>\n\t\t\t\t\t<\/div>\n\t\t<\/div>\n\t\t\t\t\t<\/div>\n\t\t<\/section>\n\t\t\t\t<\/div>\n\t\t","protected":false},"excerpt":{"rendered":"<p>Roberto Arlt. Una mirada social sobre su narrativa por Zulma Ester Prina. Ventanita de entrada, con recuerdos personales Entre 1956 y 1960 recorr\u00ed mis cinco a\u00f1os del bachillerato en elcolegio que, enclavado en el \u00e1ngulo de las calles El Salvador yHumboldt, barrio de Palermo, se conoce como \u00abel Avellaneda\u00bb.En aquella \u00e9poca la literatura argentina que [&hellip;]<\/p>\n","protected":false},"author":1,"featured_media":0,"comment_status":"closed","ping_status":"closed","sticky":false,"template":"","format":"standard","meta":{"footnotes":""},"categories":[1],"tags":[],"class_list":["post-606","post","type-post","status-publish","format-standard","hentry","category-sin-categoria"],"_links":{"self":[{"href":"https:\/\/zulmaprina.com.ar\/web\/wp-json\/wp\/v2\/posts\/606","targetHints":{"allow":["GET"]}}],"collection":[{"href":"https:\/\/zulmaprina.com.ar\/web\/wp-json\/wp\/v2\/posts"}],"about":[{"href":"https:\/\/zulmaprina.com.ar\/web\/wp-json\/wp\/v2\/types\/post"}],"author":[{"embeddable":true,"href":"https:\/\/zulmaprina.com.ar\/web\/wp-json\/wp\/v2\/users\/1"}],"replies":[{"embeddable":true,"href":"https:\/\/zulmaprina.com.ar\/web\/wp-json\/wp\/v2\/comments?post=606"}],"version-history":[{"count":4,"href":"https:\/\/zulmaprina.com.ar\/web\/wp-json\/wp\/v2\/posts\/606\/revisions"}],"predecessor-version":[{"id":612,"href":"https:\/\/zulmaprina.com.ar\/web\/wp-json\/wp\/v2\/posts\/606\/revisions\/612"}],"wp:attachment":[{"href":"https:\/\/zulmaprina.com.ar\/web\/wp-json\/wp\/v2\/media?parent=606"}],"wp:term":[{"taxonomy":"category","embeddable":true,"href":"https:\/\/zulmaprina.com.ar\/web\/wp-json\/wp\/v2\/categories?post=606"},{"taxonomy":"post_tag","embeddable":true,"href":"https:\/\/zulmaprina.com.ar\/web\/wp-json\/wp\/v2\/tags?post=606"}],"curies":[{"name":"wp","href":"https:\/\/api.w.org\/{rel}","templated":true}]}}