{"id":985,"date":"2021-02-12T11:57:54","date_gmt":"2021-02-12T14:57:54","guid":{"rendered":"https:\/\/zulmaprina.com.ar\/web\/?p=985"},"modified":"2021-06-26T13:12:00","modified_gmt":"2021-06-26T16:12:00","slug":"presentaciones-2020","status":"publish","type":"post","link":"https:\/\/zulmaprina.com.ar\/web\/presentaciones-2020\/","title":{"rendered":"Presentaciones 2020"},"content":{"rendered":"\t\t<div data-elementor-type=\"wp-post\" data-elementor-id=\"985\" class=\"elementor elementor-985\">\n\t\t\t\t\t\t<section class=\"elementor-section elementor-top-section elementor-element elementor-element-ed6955a elementor-section-boxed elementor-section-height-default elementor-section-height-default\" data-id=\"ed6955a\" data-element_type=\"section\" data-e-type=\"section\">\n\t\t\t\t\t\t<div class=\"elementor-container elementor-column-gap-default\">\n\t\t\t\t\t<div class=\"elementor-column elementor-col-50 elementor-top-column elementor-element elementor-element-5024b19\" data-id=\"5024b19\" data-element_type=\"column\" data-e-type=\"column\">\n\t\t\t<div class=\"elementor-widget-wrap elementor-element-populated\">\n\t\t\t\t\t\t<div class=\"elementor-element elementor-element-463119f elementor-widget elementor-widget-image\" data-id=\"463119f\" data-element_type=\"widget\" data-e-type=\"widget\" data-widget_type=\"image.default\">\n\t\t\t\t<div class=\"elementor-widget-container\">\n\t\t\t\t\t\t\t\t\t\t\t\t\t\t\t\t<a href=\"https:\/\/zulmaprina.com.ar\/web\/wp-content\/uploads\/2021\/02\/IMG-20201114-WA0041-Humahuaca.jpg\" data-elementor-open-lightbox=\"yes\" data-elementor-lightbox-title=\"IMG-20201114-WA0041 Humahuaca\" data-e-action-hash=\"#elementor-action%3Aaction%3Dlightbox%26settings%3DeyJpZCI6OTExLCJ1cmwiOiJodHRwczpcL1wvenVsbWFwcmluYS5jb20uYXJcL3dlYlwvd3AtY29udGVudFwvdXBsb2Fkc1wvMjAyMVwvMDJcL0lNRy0yMDIwMTExNC1XQTAwNDEtSHVtYWh1YWNhLmpwZyJ9\">\n\t\t\t\t\t\t\t<img fetchpriority=\"high\" decoding=\"async\" width=\"300\" height=\"300\" src=\"https:\/\/zulmaprina.com.ar\/web\/wp-content\/uploads\/2021\/02\/IMG-20201114-WA0041-Humahuaca-300x300.jpg\" class=\"attachment-medium size-medium wp-image-911\" alt=\"\" srcset=\"https:\/\/zulmaprina.com.ar\/web\/wp-content\/uploads\/2021\/02\/IMG-20201114-WA0041-Humahuaca-300x300.jpg 300w, https:\/\/zulmaprina.com.ar\/web\/wp-content\/uploads\/2021\/02\/IMG-20201114-WA0041-Humahuaca-1024x1024.jpg 1024w, https:\/\/zulmaprina.com.ar\/web\/wp-content\/uploads\/2021\/02\/IMG-20201114-WA0041-Humahuaca-150x150.jpg 150w, https:\/\/zulmaprina.com.ar\/web\/wp-content\/uploads\/2021\/02\/IMG-20201114-WA0041-Humahuaca-768x768.jpg 768w, https:\/\/zulmaprina.com.ar\/web\/wp-content\/uploads\/2021\/02\/IMG-20201114-WA0041-Humahuaca-50x50.jpg 50w, https:\/\/zulmaprina.com.ar\/web\/wp-content\/uploads\/2021\/02\/IMG-20201114-WA0041-Humahuaca-220x220.jpg 220w, https:\/\/zulmaprina.com.ar\/web\/wp-content\/uploads\/2021\/02\/IMG-20201114-WA0041-Humahuaca.jpg 1280w\" sizes=\"(max-width: 300px) 100vw, 300px\" \/>\t\t\t\t\t\t\t\t<\/a>\n\t\t\t\t\t\t\t\t\t\t\t\t\t\t\t<\/div>\n\t\t\t\t<\/div>\n\t\t\t\t<div class=\"elementor-element elementor-element-7e1ecaf elementor-widget elementor-widget-text-editor\" data-id=\"7e1ecaf\" data-element_type=\"widget\" data-e-type=\"widget\" data-widget_type=\"text-editor.default\">\n\t\t\t\t<div class=\"elementor-widget-container\">\n\t\t\t\t\t\t\t\t\t<p>Cuarto Encuentro Int. de Escritores, Poetas y Declamadores de Humahuaca en Letras 2020<\/p>\t\t\t\t\t\t\t\t<\/div>\n\t\t\t\t<\/div>\n\t\t\t\t\t<\/div>\n\t\t<\/div>\n\t\t\t\t<div class=\"elementor-column elementor-col-50 elementor-top-column elementor-element elementor-element-0f199c3\" data-id=\"0f199c3\" data-element_type=\"column\" data-e-type=\"column\">\n\t\t\t<div class=\"elementor-widget-wrap elementor-element-populated\">\n\t\t\t\t\t\t<div class=\"elementor-element elementor-element-7628f6d elementor-widget elementor-widget-heading\" data-id=\"7628f6d\" data-element_type=\"widget\" data-e-type=\"widget\" data-widget_type=\"heading.default\">\n\t\t\t\t<div class=\"elementor-widget-container\">\n\t\t\t\t\t<h2 class=\"elementor-heading-title elementor-size-default\">Humahuaca en Letras<\/h2>\t\t\t\t<\/div>\n\t\t\t\t<\/div>\n\t\t\t\t<div class=\"elementor-element elementor-element-00a16e1 elementor-widget elementor-widget-text-editor\" data-id=\"00a16e1\" data-element_type=\"widget\" data-e-type=\"widget\" data-widget_type=\"text-editor.default\">\n\t\t\t\t<div class=\"elementor-widget-container\">\n\t\t\t\t\t\t\t\t\t<p>28 de noviembre, Encuentro Escritores y Poetas \u201cHumahuaca en Letras\u201d En Humahuaca Participaci\u00f3n con lectura de poemas de sus libio Concierto en gris bemol mayor Y&nbsp; Papeles en blanco.<br><\/p>\t\t\t\t\t\t\t\t<\/div>\n\t\t\t\t<\/div>\n\t\t\t\t<div class=\"elementor-element elementor-element-8fd4cd4 elementor-widget elementor-widget-image\" data-id=\"8fd4cd4\" data-element_type=\"widget\" data-e-type=\"widget\" data-widget_type=\"image.default\">\n\t\t\t\t<div class=\"elementor-widget-container\">\n\t\t\t\t\t\t\t\t\t\t\t\t\t\t\t\t<a href=\"https:\/\/zulmaprina.com.ar\/web\/wp-content\/uploads\/2021\/02\/IMG-20201221-Humahuaca-2020.jpg\" data-elementor-open-lightbox=\"yes\" data-elementor-lightbox-title=\"IMG-20201221-Humahuaca 2020\" data-e-action-hash=\"#elementor-action%3Aaction%3Dlightbox%26settings%3DeyJpZCI6OTA2LCJ1cmwiOiJodHRwczpcL1wvenVsbWFwcmluYS5jb20uYXJcL3dlYlwvd3AtY29udGVudFwvdXBsb2Fkc1wvMjAyMVwvMDJcL0lNRy0yMDIwMTIyMS1IdW1haHVhY2EtMjAyMC5qcGcifQ%3D%3D\">\n\t\t\t\t\t\t\t<img decoding=\"async\" width=\"300\" height=\"210\" src=\"https:\/\/zulmaprina.com.ar\/web\/wp-content\/uploads\/2021\/02\/IMG-20201221-Humahuaca-2020-300x210.jpg\" class=\"attachment-medium size-medium wp-image-906\" alt=\"\" srcset=\"https:\/\/zulmaprina.com.ar\/web\/wp-content\/uploads\/2021\/02\/IMG-20201221-Humahuaca-2020-300x210.jpg 300w, https:\/\/zulmaprina.com.ar\/web\/wp-content\/uploads\/2021\/02\/IMG-20201221-Humahuaca-2020-1024x716.jpg 1024w, https:\/\/zulmaprina.com.ar\/web\/wp-content\/uploads\/2021\/02\/IMG-20201221-Humahuaca-2020-768x537.jpg 768w, https:\/\/zulmaprina.com.ar\/web\/wp-content\/uploads\/2021\/02\/IMG-20201221-Humahuaca-2020-50x35.jpg 50w, https:\/\/zulmaprina.com.ar\/web\/wp-content\/uploads\/2021\/02\/IMG-20201221-Humahuaca-2020.jpg 1080w\" sizes=\"(max-width: 300px) 100vw, 300px\" \/>\t\t\t\t\t\t\t\t<\/a>\n\t\t\t\t\t\t\t\t\t\t\t\t\t\t\t<\/div>\n\t\t\t\t<\/div>\n\t\t\t\t\t<\/div>\n\t\t<\/div>\n\t\t\t\t\t<\/div>\n\t\t<\/section>\n\t\t\t\t<section class=\"elementor-section elementor-top-section elementor-element elementor-element-60c517b elementor-section-boxed elementor-section-height-default elementor-section-height-default\" data-id=\"60c517b\" data-element_type=\"section\" data-e-type=\"section\">\n\t\t\t\t\t\t<div class=\"elementor-container elementor-column-gap-default\">\n\t\t\t\t\t<div class=\"elementor-column elementor-col-100 elementor-top-column elementor-element elementor-element-4c0ed6e\" data-id=\"4c0ed6e\" data-element_type=\"column\" data-e-type=\"column\">\n\t\t\t<div class=\"elementor-widget-wrap elementor-element-populated\">\n\t\t\t\t\t\t<div class=\"elementor-element elementor-element-c4b1448 elementor-widget elementor-widget-image\" data-id=\"c4b1448\" data-element_type=\"widget\" data-e-type=\"widget\" data-widget_type=\"image.default\">\n\t\t\t\t<div class=\"elementor-widget-container\">\n\t\t\t\t\t\t\t\t\t\t\t\t\t\t\t<img decoding=\"async\" width=\"640\" height=\"480\" src=\"https:\/\/zulmaprina.com.ar\/web\/wp-content\/uploads\/2021\/02\/flyer-presentazion-radio-zulma-octubre-1.jpg\" class=\"attachment-large size-large wp-image-1198\" alt=\"\" srcset=\"https:\/\/zulmaprina.com.ar\/web\/wp-content\/uploads\/2021\/02\/flyer-presentazion-radio-zulma-octubre-1.jpg 1024w, https:\/\/zulmaprina.com.ar\/web\/wp-content\/uploads\/2021\/02\/flyer-presentazion-radio-zulma-octubre-1-300x225.jpg 300w, https:\/\/zulmaprina.com.ar\/web\/wp-content\/uploads\/2021\/02\/flyer-presentazion-radio-zulma-octubre-1-768x576.jpg 768w\" sizes=\"(max-width: 640px) 100vw, 640px\" \/>\t\t\t\t\t\t\t\t\t\t\t\t\t\t\t<\/div>\n\t\t\t\t<\/div>\n\t\t\t\t\t<\/div>\n\t\t<\/div>\n\t\t\t\t\t<\/div>\n\t\t<\/section>\n\t\t\t\t<section class=\"elementor-section elementor-top-section elementor-element elementor-element-1965abe elementor-section-boxed elementor-section-height-default elementor-section-height-default\" data-id=\"1965abe\" data-element_type=\"section\" data-e-type=\"section\">\n\t\t\t\t\t\t<div class=\"elementor-container elementor-column-gap-default\">\n\t\t\t\t\t<div class=\"elementor-column elementor-col-50 elementor-top-column elementor-element elementor-element-1b897be\" data-id=\"1b897be\" data-element_type=\"column\" data-e-type=\"column\">\n\t\t\t<div class=\"elementor-widget-wrap elementor-element-populated\">\n\t\t\t\t\t\t<div class=\"elementor-element elementor-element-5fd1850 elementor-widget elementor-widget-heading\" data-id=\"5fd1850\" data-element_type=\"widget\" data-e-type=\"widget\" data-widget_type=\"heading.default\">\n\t\t\t\t<div class=\"elementor-widget-container\">\n\t\t\t\t\t<h2 class=\"elementor-heading-title elementor-size-default\">Preg\u00f3n Criollo\n\nN\u00ba 107 \u2013 Diciembre 2020<\/h2>\t\t\t\t<\/div>\n\t\t\t\t<\/div>\n\t\t\t\t<div class=\"elementor-element elementor-element-984313e elementor-widget elementor-widget-image\" data-id=\"984313e\" data-element_type=\"widget\" data-e-type=\"widget\" data-widget_type=\"image.default\">\n\t\t\t\t<div class=\"elementor-widget-container\">\n\t\t\t\t\t\t\t\t\t\t\t\t\t\t\t\t<a href=\"https:\/\/zulmaprina.com.ar\/web\/wp-content\/uploads\/2021\/02\/elpregon.jpg\" data-elementor-open-lightbox=\"yes\" data-elementor-lightbox-title=\"elpregon\" data-e-action-hash=\"#elementor-action%3Aaction%3Dlightbox%26settings%3DeyJpZCI6MTA2MSwidXJsIjoiaHR0cHM6XC9cL3p1bG1hcHJpbmEuY29tLmFyXC93ZWJcL3dwLWNvbnRlbnRcL3VwbG9hZHNcLzIwMjFcLzAyXC9lbHByZWdvbi5qcGcifQ%3D%3D\">\n\t\t\t\t\t\t\t<img loading=\"lazy\" decoding=\"async\" width=\"214\" height=\"300\" src=\"https:\/\/zulmaprina.com.ar\/web\/wp-content\/uploads\/2021\/02\/elpregon-214x300.jpg\" class=\"attachment-medium size-medium wp-image-1061\" alt=\"\" srcset=\"https:\/\/zulmaprina.com.ar\/web\/wp-content\/uploads\/2021\/02\/elpregon-214x300.jpg 214w, https:\/\/zulmaprina.com.ar\/web\/wp-content\/uploads\/2021\/02\/elpregon.jpg 570w\" sizes=\"(max-width: 214px) 100vw, 214px\" \/>\t\t\t\t\t\t\t\t<\/a>\n\t\t\t\t\t\t\t\t\t\t\t\t\t\t\t<\/div>\n\t\t\t\t<\/div>\n\t\t\t\t<div class=\"elementor-element elementor-element-ff9b997 elementor-widget elementor-widget-text-editor\" data-id=\"ff9b997\" data-element_type=\"widget\" data-e-type=\"widget\" data-widget_type=\"text-editor.default\">\n\t\t\t\t<div class=\"elementor-widget-container\">\n\t\t\t\t\t\t\t\t\t<p><b>El Folklore en la Escuela, Un encuentro con nuestra cultura,\u00a0<\/b>por Zulma Prina, colaboradora de la publicaci\u00f3n.<\/p><p>Puede verse la nota en el interior de la publicaci\u00f3n que compartimos en el formato original:\u00a0 <a href=\"http:\/\/f7000062.ferozo.com\/Pregon\/2020\/Dic\/Pregon_Criollo_107_Diciembre_2020.pdf\" target=\"_blank\" rel=\"noopener\"><strong>http:\/\/f7000062.ferozo.com\/Pregon\/2020\/Dic\/Pregon_Criollo_107_Diciembre_2020.pdf<\/strong><\/a><\/p>\t\t\t\t\t\t\t\t<\/div>\n\t\t\t\t<\/div>\n\t\t\t\t<div class=\"elementor-element elementor-element-0b08b9b elementor-widget elementor-widget-text-editor\" data-id=\"0b08b9b\" data-element_type=\"widget\" data-e-type=\"widget\" data-widget_type=\"text-editor.default\">\n\t\t\t\t<div class=\"elementor-widget-container\">\n\t\t\t\t\t\t\t\t\t<p>San Salvador de Jujuy con un homenaje a San Valent\u00edn.<\/p>\t\t\t\t\t\t\t\t<\/div>\n\t\t\t\t<\/div>\n\t\t\t\t\t<\/div>\n\t\t<\/div>\n\t\t\t\t<div class=\"elementor-column elementor-col-50 elementor-top-column elementor-element elementor-element-116ada2\" data-id=\"116ada2\" data-element_type=\"column\" data-e-type=\"column\">\n\t\t\t<div class=\"elementor-widget-wrap elementor-element-populated\">\n\t\t\t\t\t\t<div class=\"elementor-element elementor-element-df18658 elementor-widget elementor-widget-heading\" data-id=\"df18658\" data-element_type=\"widget\" data-e-type=\"widget\" data-widget_type=\"heading.default\">\n\t\t\t\t<div class=\"elementor-widget-container\">\n\t\t\t\t\t<h2 class=\"elementor-heading-title elementor-size-default\">Encuentro de la Academia Argentina de Letras Moderas AALM <\/h2>\t\t\t\t<\/div>\n\t\t\t\t<\/div>\n\t\t\t\t<div class=\"elementor-element elementor-element-301aad0 elementor-widget elementor-widget-text-editor\" data-id=\"301aad0\" data-element_type=\"widget\" data-e-type=\"widget\" data-widget_type=\"text-editor.default\">\n\t\t\t\t<div class=\"elementor-widget-container\">\n\t\t\t\t\t\t\t\t\t<p>San Salvador de Jujuy con la charla sobre el libro El mestizaje en Am\u00e9rica, Mito y realidad en Jos\u00e9 Mar\u00eda Arguedas.<\/p>\t\t\t\t\t\t\t\t<\/div>\n\t\t\t\t<\/div>\n\t\t\t\t<div class=\"elementor-element elementor-element-1036712 elementor-widget elementor-widget-video\" data-id=\"1036712\" data-element_type=\"widget\" data-e-type=\"widget\" data-settings=\"{&quot;video_type&quot;:&quot;hosted&quot;,&quot;controls&quot;:&quot;yes&quot;}\" data-widget_type=\"video.default\">\n\t\t\t\t<div class=\"elementor-widget-container\">\n\t\t\t\t\t\t\t<div class=\"e-hosted-video elementor-wrapper elementor-open-inline\">\n\t\t\t\t\t<video class=\"elementor-video\" src=\"https:\/\/zulmaprina.com.ar\/web\/wp-content\/uploads\/2021\/02\/conliliana-de-la-vega.mp4\" controls=\"\" preload=\"metadata\" controlsList=\"nodownload\"><\/video>\n\t\t\t\t<\/div>\n\t\t\t\t\t\t<\/div>\n\t\t\t\t<\/div>\n\t\t\t\t\t<\/div>\n\t\t<\/div>\n\t\t\t\t\t<\/div>\n\t\t<\/section>\n\t\t\t\t<section class=\"elementor-section elementor-top-section elementor-element elementor-element-eeb7b32 elementor-section-boxed elementor-section-height-default elementor-section-height-default\" data-id=\"eeb7b32\" data-element_type=\"section\" data-e-type=\"section\">\n\t\t\t\t\t\t<div class=\"elementor-container elementor-column-gap-default\">\n\t\t\t\t\t<div class=\"elementor-column elementor-col-50 elementor-top-column elementor-element elementor-element-511c325\" data-id=\"511c325\" data-element_type=\"column\" data-e-type=\"column\">\n\t\t\t<div class=\"elementor-widget-wrap elementor-element-populated\">\n\t\t\t\t\t\t<div class=\"elementor-element elementor-element-d5e3242 elementor-widget elementor-widget-heading\" data-id=\"d5e3242\" data-element_type=\"widget\" data-e-type=\"widget\" data-widget_type=\"heading.default\">\n\t\t\t\t<div class=\"elementor-widget-container\">\n\t\t\t\t\t<h2 class=\"elementor-heading-title elementor-size-default\">SADE Tres de Febrero - Juegos Florales<\/h2>\t\t\t\t<\/div>\n\t\t\t\t<\/div>\n\t\t\t\t<div class=\"elementor-element elementor-element-291a87d elementor-widget elementor-widget-image\" data-id=\"291a87d\" data-element_type=\"widget\" data-e-type=\"widget\" data-widget_type=\"image.default\">\n\t\t\t\t<div class=\"elementor-widget-container\">\n\t\t\t\t\t\t\t\t\t\t\t\t\t\t\t\t<a href=\"https:\/\/zulmaprina.com.ar\/web\/wp-content\/uploads\/2021\/02\/Certificado-Jurados-Zulma.jpg\" data-elementor-open-lightbox=\"yes\" data-elementor-lightbox-title=\"Certificado Jurados Zulma\" data-e-action-hash=\"#elementor-action%3Aaction%3Dlightbox%26settings%3DeyJpZCI6OTAxLCJ1cmwiOiJodHRwczpcL1wvenVsbWFwcmluYS5jb20uYXJcL3dlYlwvd3AtY29udGVudFwvdXBsb2Fkc1wvMjAyMVwvMDJcL0NlcnRpZmljYWRvLUp1cmFkb3MtWnVsbWEuanBnIn0%3D\">\n\t\t\t\t\t\t\t<img loading=\"lazy\" decoding=\"async\" width=\"640\" height=\"402\" src=\"https:\/\/zulmaprina.com.ar\/web\/wp-content\/uploads\/2021\/02\/Certificado-Jurados-Zulma-1024x643.jpg\" class=\"attachment-large size-large wp-image-901\" alt=\"\" srcset=\"https:\/\/zulmaprina.com.ar\/web\/wp-content\/uploads\/2021\/02\/Certificado-Jurados-Zulma-1024x643.jpg 1024w, https:\/\/zulmaprina.com.ar\/web\/wp-content\/uploads\/2021\/02\/Certificado-Jurados-Zulma-300x188.jpg 300w, https:\/\/zulmaprina.com.ar\/web\/wp-content\/uploads\/2021\/02\/Certificado-Jurados-Zulma-768x482.jpg 768w, https:\/\/zulmaprina.com.ar\/web\/wp-content\/uploads\/2021\/02\/Certificado-Jurados-Zulma-50x31.jpg 50w, https:\/\/zulmaprina.com.ar\/web\/wp-content\/uploads\/2021\/02\/Certificado-Jurados-Zulma.jpg 1152w\" sizes=\"(max-width: 640px) 100vw, 640px\" \/>\t\t\t\t\t\t\t\t<\/a>\n\t\t\t\t\t\t\t\t\t\t\t\t\t\t\t<\/div>\n\t\t\t\t<\/div>\n\t\t\t\t<div class=\"elementor-element elementor-element-2fd5e21 elementor-widget elementor-widget-text-editor\" data-id=\"2fd5e21\" data-element_type=\"widget\" data-e-type=\"widget\" data-widget_type=\"text-editor.default\">\n\t\t\t\t<div class=\"elementor-widget-container\">\n\t\t\t\t\t\t\t\t\t<p>Mi presentaci\u00f3n en SADE Tres de Febrero. Invitaci\u00f3n a participar como Jurado en Los Juegos Florales 2020.<\/p>\t\t\t\t\t\t\t\t<\/div>\n\t\t\t\t<\/div>\n\t\t\t\t<div class=\"elementor-element elementor-element-413daed elementor-widget elementor-widget-video\" data-id=\"413daed\" data-element_type=\"widget\" data-e-type=\"widget\" data-settings=\"{&quot;youtube_url&quot;:&quot;https:\\\/\\\/youtu.be\\\/hcw0_yBq9E8&quot;,&quot;video_type&quot;:&quot;youtube&quot;,&quot;controls&quot;:&quot;yes&quot;}\" data-widget_type=\"video.default\">\n\t\t\t\t<div class=\"elementor-widget-container\">\n\t\t\t\t\t\t\t<div class=\"elementor-wrapper elementor-open-inline\">\n\t\t\t<div class=\"elementor-video\"><\/div>\t\t<\/div>\n\t\t\t\t\t\t<\/div>\n\t\t\t\t<\/div>\n\t\t\t\t\t<\/div>\n\t\t<\/div>\n\t\t\t\t<div class=\"elementor-column elementor-col-50 elementor-top-column elementor-element elementor-element-967db05\" data-id=\"967db05\" data-element_type=\"column\" data-e-type=\"column\">\n\t\t\t<div class=\"elementor-widget-wrap elementor-element-populated\">\n\t\t\t\t\t\t<div class=\"elementor-element elementor-element-81a1b87 elementor-widget elementor-widget-heading\" data-id=\"81a1b87\" data-element_type=\"widget\" data-e-type=\"widget\" data-widget_type=\"heading.default\">\n\t\t\t\t<div class=\"elementor-widget-container\">\n\t\t\t\t\t<h2 class=\"elementor-heading-title elementor-size-default\">20 FERIA DEL LIBRO C.E. Domingo Faustino Sarmiento<\/h2>\t\t\t\t<\/div>\n\t\t\t\t<\/div>\n\t\t\t\t<div class=\"elementor-element elementor-element-51475a3 elementor-widget elementor-widget-text-editor\" data-id=\"51475a3\" data-element_type=\"widget\" data-e-type=\"widget\" data-widget_type=\"text-editor.default\">\n\t\t\t\t<div class=\"elementor-widget-container\">\n\t\t\t\t\t\t\t\t\t<p>27 de setiembre, presentaci\u00f3n del libro de Jos\u00e9 Mar\u00eda Arguedas\u00a0 y charla sobre El mestizaje en Am\u00e9rica.<\/p>\t\t\t\t\t\t\t\t<\/div>\n\t\t\t\t<\/div>\n\t\t\t\t<div class=\"elementor-element elementor-element-d3e19fb elementor-widget elementor-widget-image\" data-id=\"d3e19fb\" data-element_type=\"widget\" data-e-type=\"widget\" data-widget_type=\"image.default\">\n\t\t\t\t<div class=\"elementor-widget-container\">\n\t\t\t\t\t\t\t\t\t\t\t\t\t\t\t\t<a href=\"https:\/\/zulmaprina.com.ar\/web\/wp-content\/uploads\/2021\/02\/IMG-20200930-WA0061.jpg\" data-elementor-open-lightbox=\"yes\" data-elementor-lightbox-title=\"IMG-20200930-WA0061\" data-e-action-hash=\"#elementor-action%3Aaction%3Dlightbox%26settings%3DeyJpZCI6OTAwLCJ1cmwiOiJodHRwczpcL1wvenVsbWFwcmluYS5jb20uYXJcL3dlYlwvd3AtY29udGVudFwvdXBsb2Fkc1wvMjAyMVwvMDJcL0lNRy0yMDIwMDkzMC1XQTAwNjEuanBnIn0%3D\">\n\t\t\t\t\t\t\t<img loading=\"lazy\" decoding=\"async\" width=\"142\" height=\"300\" src=\"https:\/\/zulmaprina.com.ar\/web\/wp-content\/uploads\/2021\/02\/IMG-20200930-WA0061-142x300.jpg\" class=\"attachment-medium size-medium wp-image-900\" alt=\"\" srcset=\"https:\/\/zulmaprina.com.ar\/web\/wp-content\/uploads\/2021\/02\/IMG-20200930-WA0061-142x300.jpg 142w, https:\/\/zulmaprina.com.ar\/web\/wp-content\/uploads\/2021\/02\/IMG-20200930-WA0061-485x1024.jpg 485w, https:\/\/zulmaprina.com.ar\/web\/wp-content\/uploads\/2021\/02\/IMG-20200930-WA0061-24x50.jpg 24w, https:\/\/zulmaprina.com.ar\/web\/wp-content\/uploads\/2021\/02\/IMG-20200930-WA0061.jpg 606w\" sizes=\"(max-width: 142px) 100vw, 142px\" \/>\t\t\t\t\t\t\t\t<\/a>\n\t\t\t\t\t\t\t\t\t\t\t\t\t\t\t<\/div>\n\t\t\t\t<\/div>\n\t\t\t\t<div class=\"elementor-element elementor-element-aa0139b elementor-widget elementor-widget-image\" data-id=\"aa0139b\" data-element_type=\"widget\" data-e-type=\"widget\" data-widget_type=\"image.default\">\n\t\t\t\t<div class=\"elementor-widget-container\">\n\t\t\t\t\t\t\t\t\t\t\t\t\t\t\t<img loading=\"lazy\" decoding=\"async\" width=\"640\" height=\"905\" src=\"https:\/\/zulmaprina.com.ar\/web\/wp-content\/uploads\/2021\/02\/AFICHE-APLIJ-39-NOV23-2020-724x1024.jpg\" class=\"attachment-large size-large wp-image-837\" alt=\"\" srcset=\"https:\/\/zulmaprina.com.ar\/web\/wp-content\/uploads\/2021\/02\/AFICHE-APLIJ-39-NOV23-2020-724x1024.jpg 724w, https:\/\/zulmaprina.com.ar\/web\/wp-content\/uploads\/2021\/02\/AFICHE-APLIJ-39-NOV23-2020-212x300.jpg 212w, https:\/\/zulmaprina.com.ar\/web\/wp-content\/uploads\/2021\/02\/AFICHE-APLIJ-39-NOV23-2020-768x1086.jpg 768w, https:\/\/zulmaprina.com.ar\/web\/wp-content\/uploads\/2021\/02\/AFICHE-APLIJ-39-NOV23-2020-35x50.jpg 35w, https:\/\/zulmaprina.com.ar\/web\/wp-content\/uploads\/2021\/02\/AFICHE-APLIJ-39-NOV23-2020.jpg 905w\" sizes=\"(max-width: 640px) 100vw, 640px\" \/>\t\t\t\t\t\t\t\t\t\t\t\t\t\t\t<\/div>\n\t\t\t\t<\/div>\n\t\t\t\t\t<\/div>\n\t\t<\/div>\n\t\t\t\t\t<\/div>\n\t\t<\/section>\n\t\t\t\t<\/div>\n\t\t","protected":false},"excerpt":{"rendered":"<p>Cuarto Encuentro Int. de Escritores, Poetas y Declamadores de Humahuaca en Letras 2020 Humahuaca en Letras 28 de noviembre, Encuentro Escritores y Poetas \u201cHumahuaca en Letras\u201d En Humahuaca Participaci\u00f3n con lectura de poemas de sus libio Concierto en gris bemol mayor Y&nbsp; Papeles en blanco. Preg\u00f3n Criollo N\u00ba 107 \u2013 Diciembre 2020 El Folklore en [&hellip;]<\/p>\n","protected":false},"author":1,"featured_media":0,"comment_status":"closed","ping_status":"closed","sticky":false,"template":"","format":"standard","meta":{"footnotes":""},"categories":[1],"tags":[],"class_list":["post-985","post","type-post","status-publish","format-standard","hentry","category-sin-categoria"],"_links":{"self":[{"href":"https:\/\/zulmaprina.com.ar\/web\/wp-json\/wp\/v2\/posts\/985","targetHints":{"allow":["GET"]}}],"collection":[{"href":"https:\/\/zulmaprina.com.ar\/web\/wp-json\/wp\/v2\/posts"}],"about":[{"href":"https:\/\/zulmaprina.com.ar\/web\/wp-json\/wp\/v2\/types\/post"}],"author":[{"embeddable":true,"href":"https:\/\/zulmaprina.com.ar\/web\/wp-json\/wp\/v2\/users\/1"}],"replies":[{"embeddable":true,"href":"https:\/\/zulmaprina.com.ar\/web\/wp-json\/wp\/v2\/comments?post=985"}],"version-history":[{"count":89,"href":"https:\/\/zulmaprina.com.ar\/web\/wp-json\/wp\/v2\/posts\/985\/revisions"}],"predecessor-version":[{"id":1283,"href":"https:\/\/zulmaprina.com.ar\/web\/wp-json\/wp\/v2\/posts\/985\/revisions\/1283"}],"wp:attachment":[{"href":"https:\/\/zulmaprina.com.ar\/web\/wp-json\/wp\/v2\/media?parent=985"}],"wp:term":[{"taxonomy":"category","embeddable":true,"href":"https:\/\/zulmaprina.com.ar\/web\/wp-json\/wp\/v2\/categories?post=985"},{"taxonomy":"post_tag","embeddable":true,"href":"https:\/\/zulmaprina.com.ar\/web\/wp-json\/wp\/v2\/tags?post=985"}],"curies":[{"name":"wp","href":"https:\/\/api.w.org\/{rel}","templated":true}]}}